{"id":792,"date":"2021-07-11T18:35:17","date_gmt":"2021-07-11T17:35:17","guid":{"rendered":"https:\/\/rzymskikatolik.pl\/?p=792"},"modified":"2023-02-26T14:45:49","modified_gmt":"2023-02-26T13:45:49","slug":"abp-vigano-musimy-zaradzic-kulturowej-amnezji","status":"publish","type":"post","link":"https:\/\/rzymskikatolik.pl\/?p=792","title":{"rendered":"Abp Vigano: Musimy zaradzi\u0107 kulturowej amnezji"},"content":{"rendered":"\n<p><strong>Arcybiskup Carlo Maria Vigan\u00f2 napisa\u0142 s\u0142owo wst\u0119pne do ksi\u0105\u017cki Roberta Hicksona, stanowi\u0105cej zbi\u00f3r esej\u00f3w po\u015bwi\u0119conych literaturze i katolickiej pami\u0119ci. Jak zauwa\u017ca arcybiskup, dzi\u015b \u2013 bardziej ni\u017c kiedykolwiek \u2013 musimy zaradzi\u0107 kulturowej amnezji dotykaj\u0105cej miliony. Musimy nauczy\u0107 si\u0119 patrze\u0107 na przesz\u0142o\u015b\u0107 i rozumie\u0107 j\u0105 w \u015bwietle wiary i Bo\u017cej Prawdy.<\/strong><\/p>\n\n\n\n<p>Zbi\u00f3r esej\u00f3w Roberta Hicksona, zatytu\u0142owany \u201eGratitude, Contemplation, and the Sacramental Worth of Catholic Literature\u201d w\u0142a\u015bnie ukaza\u0142 si\u0119 na ameryka\u0144skim rynku wydawniczym. Ksi\u0105\u017ck\u0119 naby\u0107 mo\u017cna m.in. za po\u015brednictwem sklepu internetowego Loreto Publications. S\u0142owo wst\u0119pne przygotowa\u0142 arcybiskup Vigan\u00f2, wskazuj\u0105c na kulturowy wymiar duchowej choroby dotykaj\u0105cej dzi\u015b \u015bwiat i Ko\u015bci\u00f3\u0142. Prezentujemy obszerne fragmenty tego tekstu:<\/p>\n\n\n\n<p><em>Pami\u0119\u0107 jest podstawowym elementem to\u017csamo\u015bci ludzi, cywilizacji i kultury: spo\u0142ecze\u0144stwo pozbawione pami\u0119ci, kt\u00f3rego dziedzictwo sk\u0142ada si\u0119 wy\u0142\u0105cznie z tera\u017aniejszo\u015bci pozbawionej przesz\u0142o\u015bci, skazane jest na brak przysz\u0142o\u015bci. Niepokoj\u0105ce jest to, \u017ce ta utrata zbiorowej pami\u0119ci dotyka nie tylko chrze\u015bcija\u0144skie narody, ale tak\u017ce \u2013 w powa\u017cnym stopniu \u2013 sam Ko\u015bci\u00f3\u0142 katolicki, a przez to i katolik\u00f3w.<\/em><\/p>\n\n\n\n<figure class=\"wp-block-pullquote\"><blockquote><p><em>Ta amnezja dotyka wszystkie klasy spo\u0142eczne i nie jest efektem przypadku, lecz systematycznej pracy tych, kt\u00f3rzy \u2013 jako wrogowie Prawdy, Dobra i Pi\u0119kna \u2013 staraj\u0105 si\u0119 usun\u0105\u0107 ka\u017cdy promie\u0144 tych boskich atrybut\u00f3w z nawet najbardziej marginalnych aspekt\u00f3w \u017cycia spo\u0142ecznego, naszych idiom\u00f3w, dzieci\u0119cych wspomnie\u0144 i opowiada\u0144 naszych dziadk\u00f3w. <\/em><\/p><\/blockquote><\/figure>\n\n\n\n<p><em>Orwellowskie dzia\u0142ania, polegaj\u0105ce na sztucznym przerabianiu przesz\u0142o\u015bci, sta\u0142y si\u0119 we wsp\u00f3\u0142czesnym \u015bwiecie powszechne do tego stopnia, \u017ce klasa licealist\u00f3w nie jest w stanie rozpozna\u0107 obrazu o\u0142tarzowego przedstawiaj\u0105cego sceny z \u017cycia Chrystusa czy te\u017c p\u0142askorze\u017aby przedstawiaj\u0105cej \u015bwi\u0119tych ciesz\u0105cych si\u0119 wielk\u0105 czci\u0105 w przesz\u0142o\u015bci. Doktor Robert Hickson nazywa t\u0119 niemo\u017cno\u015b\u0107 \u201ebrakiem rozumienia dogmatycznego\u201d, \u201ekatolickim analfabetyzmem o niezno\u015bnych proporcjach\u201d.<\/em><\/p>\n\n\n\n<p><em>Tabula rasa: miliony dusz, kt\u00f3re zaledwie dwadzie\u015bcia albo trzydzie\u015bci lat temu natychmiast rozpozna\u0142yby Chrzest Pa\u0144ski, \u015bwi\u0119tego Hieronima czy \u015bwi\u0119t\u0105 Mari\u0119 Magdalen\u0119 zdolne s\u0105 dostrzec wy\u0142\u0105cznie dw\u00f3ch m\u0119\u017cczyzn stoj\u0105cych nad rzek\u0105, starca z lwem czy kobiet\u0119 z naczyniem.<\/em><\/p>\n\n\n\n<figure class=\"wp-block-pullquote\"><blockquote><p><em> Czytaj\u0105c Dantego, Manzoniego czy innych wielkich chrze\u015bcija\u0144skich pisarzy przesz\u0142o\u015bci wielu katolik\u00f3w nie potrafi ju\u017c poj\u0105\u0107 moralnego i transcendentnego znaczenia kultury, kt\u00f3ra nie jest ju\u017c ich wsp\u00f3lnym dziedzictwem, zazdro\u015bnie strze\u017con\u0105 spu\u015bcizn\u0105, korzeniem wielkiej ro\u015bliny rodz\u0105cej liczne owoce.<\/em><\/p><\/blockquote><\/figure>\n\n\n\n<figure class=\"wp-block-pullquote\"><blockquote><p><em> W to miejsce otrzymujemy gmatwanin\u0119 bzdur sprowadzaj\u0105cych si\u0119 do rewolucyjnych mit\u00f3w, zakurzonego repertuaru maso\u0144skiej ideologii i ikonografii rzekomej wolno\u015bci zdobytej gilotyn\u0105 wraz z prze\u015bladowaniami Ko\u015bcio\u0142a, m\u0119cze\u0144stwem katolik\u00f3w w Meksyku i Hiszpanii, ko\u0144cem tyranii kr\u00f3l\u00f3w i papie\u017cy oraz triumfem bankier\u00f3w oraz lichwiarzy. <\/em><\/p><\/blockquote><\/figure>\n\n\n\n<p><em>Spadkobiercy kr\u00f3l\u00f3w, \u015bwi\u0119tych i bohater\u00f3w ich ignoruj\u0105, zni\u017caj\u0105c si\u0119 do wychwalania przodk\u00f3w b\u0119d\u0105cych kryminalistami, uzurpatorami i buntowniczymi zdrajcami. To fa\u0142szerstwo nie osi\u0105gn\u0119\u0142o nigdy jeszcze tak wielkiej, niezrozumia\u0142ej perwersji. Oczywiste jest to, \u017ce ch\u0119\u0107 sztucznego stworzenia takich przodk\u00f3w stanowi rzecz konieczn\u0105 dla barbaryzacji potomk\u00f3w, kt\u00f3r\u0105 to teraz praktycznie osi\u0105gni\u0119to.<\/em><\/p>\n\n\n\n<p><em>Musimy tak\u017ce uzna\u0107, \u017ce ta eliminacja odnalaz\u0142a znacz\u0105c\u0105 zach\u0119t\u0119 tak\u017ce po\u015br\u00f3d tych, kt\u00f3rzy w Ko\u015bciele katolickim usun\u0119li dwa tysi\u0105ce lat nieocenionego dziedzictwa wiary, duchowo\u015bci i sztuki, pocz\u0105wszy od \u017ca\u0142osnego poczucia ni\u017cszo\u015bci zaszczepionego wiernym przez hierarchi\u0119 od czas\u00f3w II Soboru Watyka\u0144skiego.<\/em><\/p>\n\n\n\n<figure class=\"wp-block-pullquote\"><blockquote><p><em> Staro\u017cytna, apostolska liturgia, dzi\u0119ki kt\u00f3rej od wiek\u00f3w tworzono poetyckie kompozycje, mozaiki, freski, rze\u017aby, haftowane szaty, chora\u0142 i polifoni\u0119 \u2013 wszystko to sta\u0142o si\u0119 zakazane. <\/em><\/p><\/blockquote><\/figure>\n\n\n\n<p><em>Na ich miejscu mamy teraz ryt pozbawiony korzeni, zrodzony dzi\u0119ki spiskowcom zamaczaj\u0105cym swe pi\u00f3ra w ka\u0142amarzu protestantyzmu; muzyk\u0119 \u015bwieck\u0105, pozbawion\u0105 \u015bwi\u0119to\u015bci; szaty liturgiczne pozbawione smaku i naczynia liturgiczne wykonane ze zwyk\u0142ych materii. Jako szary kontrapunkt dla hymn\u00f3w \u015bw. Ambro\u017cego i \u015bw. Tomasza mamy teraz biedne parafrazy pozbawione metrum i duszy, groteskowe malunki i niepokoj\u0105ce rze\u017aby. Usuni\u0119cie godnych podziwu pism Ojc\u00f3w Ko\u015bcio\u0142a, dzie\u0142 mistyk\u00f3w, erudycyjnych rozpraw teolog\u00f3w i filozof\u00f3w, a tak\u017ce \u2013 w ostatecznym rozrachunku \u2013 samego Pisma \u015awi\u0119tego, kt\u00f3rego nadprzyrodzona inspiracja jest czasem negowana, \u015bwi\u0119tokradczo twierdz\u0105c, \u017ce posiada ono czysto ludzkie pochodzenie. Wszystko to stanowi\u0142o konieczne kroki prowadz\u0105ce do chwalenia si\u0119 zas\u0142ugami \u015bwiatowych nowo\u015bci, kt\u00f3re wobec pomnik\u00f3w ludzkiej pomys\u0142owo\u015bci o\u015bwiecanej przez \u0142ask\u0119 wydaj\u0105 si\u0119 \u017ca\u0142osnymi fa\u0142szerstwami.<\/em><\/p>\n\n\n\n<figure class=\"wp-block-pullquote\"><blockquote><p><em>Ten brak pi\u0119kna stanowi konieczny odpowiednik braku \u015bwi\u0119to\u015bci, tam bowiem, gdzie Pan wszechrzeczy jest wygnany i zapomniany, nie przetrwaj\u0105 nawet przejawy Pi\u0119kna. <\/em><\/p><\/blockquote><\/figure>\n\n\n\n<figure class=\"wp-block-pullquote\"><blockquote><p><em>Wygnane zosta\u0142o nie tylko pi\u0119kno, wraz z nim wygnana zosta\u0142a katolicka prawda z jej krystaliczn\u0105 \u015bwietno\u015bci\u0105, ol\u015bniewaj\u0105c\u0105 sp\u00f3jno\u015bci\u0105 i niepohamowan\u0105 zdolno\u015bci\u0105 przenikania wszelkich wymiar\u00f3w cywilizowanego \u017cycia. <\/em><\/p><\/blockquote><\/figure>\n\n\n\n<p><em>Prawda bowiem jest wieczna, niezmienna i wprowadza podzia\u0142, istnia\u0142a wczoraj, istnieje dzisiaj i istnie\u0107 b\u0119dzie jutro \u2013 jest wieczna, niezmienna i wprowadza podzia\u0142 \u2013 tak, jak S\u0142owo Bo\u017ce.<\/em><\/p>\n\n\n\n<p><em>Z pewno\u015bci\u0105 za t\u0105 wywo\u0142an\u0105 amnezj\u0105 kryje si\u0119 herezja antytrynitarna. A tam, gdzie czai si\u0119 K\u0142amca, odwieczna Prawda Boga ulec musi zaciemnieniu robi\u0105c miejsce k\u0142amstwu, zdradzie rzeczywisto\u015bci, zaprzeczaniu przesz\u0142o\u015bci. <\/em><\/p>\n\n\n\n<figure class=\"wp-block-pullquote\"><blockquote><p><em>W tym fa\u0142szerstwie, prawdziwie przest\u0119pczym, nawet stra\u017cnicy depozytu wiary prosz\u0105 \u015bwiat o wybaczenie grzech\u00f3w, kt\u00f3re nigdy nie zosta\u0142y pope\u0142nione \u2013 w imi\u0119 Boga, religii czy ojczyzny \u2013 przez naszych ojc\u00f3w, popieraj\u0105c najwi\u0119ksze historyczne fa\u0142szerstwo dokonywane przez wrog\u00f3w Boga. <\/em><\/p><\/blockquote><\/figure>\n\n\n\n<figure class=\"wp-block-pullquote\"><blockquote><p><em>Zdradza to nie tylko zawinion\u0105 nieznajomo\u015b\u0107 Historii, ale tak\u017ce i zawinion\u0105 z\u0142\u0105 wol\u0119 oraz z\u0142e zamiary oszukania ludzi prostych.<\/em><\/p><\/blockquote><\/figure>\n\n\n\n<p><em>Odzyskanie pami\u0119ci, tak\u017ce w przypadku literatury, jest dzie\u0142em zas\u0142uguj\u0105cym na uznanie i koniecznym w celu odnowienia Christianitas, odnowieniu szczeg\u00f3lnie dzi\u015b potrzebnym, o ile chcemy naszym dzieciom przekaza\u0107 dziedzictwo, kt\u00f3re b\u0119dzie zachowywane i przekazywane jako namacalny znak Bo\u017cych interwencji w historii rasy ludzkiej. Jak\u017ce wiele Opatrzno\u015b\u0107 dokona\u0142a na przestrzeni wiek\u00f3w \u2013 a sztuka uwieczni\u0142a, przedstawiaj\u0105c cuda, zwyci\u0119stwa chrze\u015bcijan nad Turkami, w\u0142adc\u00f3w kl\u0119cz\u0105cych u st\u00f3p Maryi, \u015bwi\u0119tych patron\u00f3w znanych uniwersytet\u00f3w i prosperuj\u0105cych cech\u00f3w. <\/em><\/p>\n\n\n\n<figure class=\"wp-block-pullquote\"><blockquote><p><em>Wszystko to mo\u017cemy dzi\u015b, a zw\u0142aszcza jutro, odnowi\u0107, o ile tylko odkryjemy nasz\u0105 przesz\u0142o\u015b\u0107 i zrozumiemy j\u0105 w \u015bwietle tajemnicy Odkupienia<\/em>.<\/p><\/blockquote><\/figure>\n\n\n\n<p>\u0179r\u00f3d\u0142o: lifesitenews.com<\/p>\n\n\n\n<p>mat<\/p>\n\n\n\n<p>Za: PCh24.pl<\/p>\n","protected":false},"excerpt":{"rendered":"<p>Staro\u017cytna, apostolska liturgia, dzi\u0119ki kt\u00f3rej od wiek\u00f3w tworzono mozaiki, freski, rze\u017aby, chora\u0142 i polifoni\u0119 \u2013 wszystko to sta\u0142o si\u0119 zakazane. <\/p>\n","protected":false},"author":1,"featured_media":1415,"comment_status":"open","ping_status":"open","sticky":false,"template":"","format":"standard","meta":{"_monsterinsights_skip_tracking":false,"_monsterinsights_sitenote_active":false,"_monsterinsights_sitenote_note":"","_monsterinsights_sitenote_category":0},"categories":[30,7],"tags":[],"_links":{"self":[{"href":"https:\/\/rzymskikatolik.pl\/index.php?rest_route=\/wp\/v2\/posts\/792"}],"collection":[{"href":"https:\/\/rzymskikatolik.pl\/index.php?rest_route=\/wp\/v2\/posts"}],"about":[{"href":"https:\/\/rzymskikatolik.pl\/index.php?rest_route=\/wp\/v2\/types\/post"}],"author":[{"embeddable":true,"href":"https:\/\/rzymskikatolik.pl\/index.php?rest_route=\/wp\/v2\/users\/1"}],"replies":[{"embeddable":true,"href":"https:\/\/rzymskikatolik.pl\/index.php?rest_route=%2Fwp%2Fv2%2Fcomments&post=792"}],"version-history":[{"count":4,"href":"https:\/\/rzymskikatolik.pl\/index.php?rest_route=\/wp\/v2\/posts\/792\/revisions"}],"predecessor-version":[{"id":1414,"href":"https:\/\/rzymskikatolik.pl\/index.php?rest_route=\/wp\/v2\/posts\/792\/revisions\/1414"}],"wp:featuredmedia":[{"embeddable":true,"href":"https:\/\/rzymskikatolik.pl\/index.php?rest_route=\/wp\/v2\/media\/1415"}],"wp:attachment":[{"href":"https:\/\/rzymskikatolik.pl\/index.php?rest_route=%2Fwp%2Fv2%2Fmedia&parent=792"}],"wp:term":[{"taxonomy":"category","embeddable":true,"href":"https:\/\/rzymskikatolik.pl\/index.php?rest_route=%2Fwp%2Fv2%2Fcategories&post=792"},{"taxonomy":"post_tag","embeddable":true,"href":"https:\/\/rzymskikatolik.pl\/index.php?rest_route=%2Fwp%2Fv2%2Ftags&post=792"}],"curies":[{"name":"wp","href":"https:\/\/api.w.org\/{rel}","templated":true}]}}